{"id":104,"date":"2025-08-07T18:48:08","date_gmt":"2025-08-07T18:48:08","guid":{"rendered":"https:\/\/fcsp.net\/?p=104"},"modified":"2025-08-13T08:30:02","modified_gmt":"2025-08-13T08:30:02","slug":"warum-ein-bekenntnis-zum-antisemitismus-so-wichtig-ist","status":"publish","type":"post","link":"https:\/\/fcsp.net\/?p=104","title":{"rendered":"Warum eine sichtbare Positionierung gegen Antisemitismus so wichtig ist"},"content":{"rendered":"\n<p>Das Leid in Gaza hat ein abscheuliches Ausma\u00df angenommen und wir verurteilen die anhaltenden Angriffe durch die israelische Regierung und ihr Milit\u00e4r aufs Sch\u00e4rfste. Viele mitf\u00fchlende Menschen legen daher ihr Augenmerk auf dieses Thema und das ist auch \u00fcberhaupt nicht zu verurteilen. Uns ist es dennoch wichtig, gerade jetzt unsere strikte Haltung gegen Antisemitismus zu betonen: So berechtigt die Kritik an Netanjahu und Co. ist, so inakzeptabel ist die massive antisemitische Welle im Zuge des eskalierten Nahostkonflikt.<\/p>\n\n\n\n<p>Es geht hierbei aber nicht nur um Antisemitismus. Was h\u00e4ufig vergessen wird: Auch inner-pal\u00e4stinensisch gibt es vielf\u00e4ltige Meinungen. Beispielhaft zeigt das <a href=\"https:\/\/www.openpetition.de\/petition\/online\/hamza-howidy-muss-bleiben?fbclid=PAQ0xDSwK_aupleHRuA2FlbQIxMQABp1nhpd5AkMc15Yf1p4zoCLlHW6BBIvjZeM-j5kcvkABvNa8D-LDlBpt-WmyF_aem_o2jnsauGo-RljemPRfYHEw\">Hamza Howidy<\/a>, ein Anti-HAMAS-Aktivist aus Gaza, der mittlerweile im Exil in Deutschland lebt. Die selbsternannten pro-pal\u00e4stinensischen Aktivist*innen im Westen ignorieren konsequent pal\u00e4stinensische Stimmen, die gleicherma\u00dfen die israelische Regierung und die HAMAS kritisieren und Hoffnung auf eine friedliche Zukunft und eine freie Gesellschaft ohne Islamismus geben.<\/p>\n\n\n\n<p>Wir dokumentieren in diesem Zusammenhang einige Postings des Insta-Accounts \u201efcsp 4 falastin\u201c. Diese Seite ist der aktivste und aggressivste antisemitische FCSP-Akteur in den Sozialen Medien, online mit vielen weiteren Gruppen und Einzelpersonen innerhalb und au\u00dferhalb des FCSP vernetzt. Diese Postings zeigen exemplarisch den dahintersteckenden Fanatismus.<\/p>\n\n\n\n<hr class=\"wp-block-separator has-alpha-channel-opacity\"\/>\n\n\n\n<figure class=\"wp-block-image size-large\"><img loading=\"lazy\" decoding=\"async\" width=\"1024\" height=\"294\" src=\"https:\/\/fcsp.net\/wp-content\/uploads\/2025\/08\/01_header-with-friends-1024x294.jpg\" alt=\"\" class=\"wp-image-73\" srcset=\"https:\/\/fcsp.net\/wp-content\/uploads\/2025\/08\/01_header-with-friends-1024x294.jpg 1024w, https:\/\/fcsp.net\/wp-content\/uploads\/2025\/08\/01_header-with-friends-300x86.jpg 300w, https:\/\/fcsp.net\/wp-content\/uploads\/2025\/08\/01_header-with-friends-768x221.jpg 768w, https:\/\/fcsp.net\/wp-content\/uploads\/2025\/08\/01_header-with-friends-850x244.jpg 850w, https:\/\/fcsp.net\/wp-content\/uploads\/2025\/08\/01_header-with-friends.jpg 1131w\" sizes=\"auto, (max-width: 1024px) 100vw, 1024px\" \/><figcaption class=\"wp-element-caption\"><em><strong>Bekannte Followers.<\/strong><\/em><\/figcaption><\/figure>\n\n\n\n<hr class=\"wp-block-separator has-alpha-channel-opacity\"\/>\n\n\n\n<p>Das Leid der Menschen in Gaza wird nicht nur von der HAMAS und ihren Verb\u00fcndeten f\u00fcr ihre Zwecke missbraucht. Die in diesem Blog thematisierten Akteure wie \u201efcsp 4 falestin\u201c sch\u00fcren ebenfalls den Hass. Auch wenn sie es \u201eAnti-Zionismus\u201c nennen und Antisemitismus abstreiten (wer tut das nicht?), ist die Marschrichtung eindeutig: Das Ziel ist die Vernichtung Israels. Eine Einstaatenl\u00f6sung wird immer wieder betont, die Hamas relativiert und Israel offen als gemeinsamer Feind hervorgehoben.<\/p>\n\n\n\n<hr class=\"wp-block-separator has-alpha-channel-opacity\"\/>\n\n\n\n<figure class=\"wp-block-image size-full\"><img loading=\"lazy\" decoding=\"async\" width=\"705\" height=\"336\" src=\"https:\/\/fcsp.net\/wp-content\/uploads\/2025\/08\/hmstx2.jpg\" alt=\"\" class=\"wp-image-125\" srcset=\"https:\/\/fcsp.net\/wp-content\/uploads\/2025\/08\/hmstx2.jpg 705w, https:\/\/fcsp.net\/wp-content\/uploads\/2025\/08\/hmstx2-300x143.jpg 300w\" sizes=\"auto, (max-width: 705px) 100vw, 705px\" \/><\/figure>\n\n\n\n<hr class=\"wp-block-separator has-alpha-channel-opacity\"\/>\n\n\n\n<p>Der FC St. Pauli hat in seinem <a href=\"https:\/\/blog.fcstpauli.com\/blog\/7.-oktober-und-gaza-krieg-humanit%C3%A4t-ist-unteilbar\" data-type=\"link\" data-id=\"https:\/\/blog.fcstpauli.com\/blog\/7.-oktober-und-gaza-krieg-humanit%C3%A4t-ist-unteilbar\">Statement \u201e7. Oktober und Gaza-Krieg: Humanit\u00e4t ist unteilbar\u201c<\/a> gezeigt, wie eine humanistische und ausgewogene Positionierung zu diesem komplexen Thema aussieht:<\/p>\n\n\n\n<p>\u201e<em>F\u00fcr den FC St. Pauli als antifaschistischen und progressiven Verein ist vollkommen klar: Wir stehen nicht an der Seite einer radikal-antisemitischen, fundamentalistischen Terror-Organisation wie der Hamas oder mit ihnen verb\u00fcndeten Gruppen. Wir stehen aber selbstverst\u00e4ndlich auch nicht an der Seite einer rechtsextremen und rassistischen Regierung wie der von Benjamin Netanjahu oder anderen Regierungen mit \u00e4hnlichen Konzepten.<br><br>Unser Platz ist an der Seite von allen, die betroffen sind von Terrorismus, Krieg und Unterdr\u00fcckung. Wir erkl\u00e4ren uns solidarisch mit linken Demonstrant*innen in Israel, die ein Ende des Kriegs fordern, damit die Geiseln, die noch immer im Gazastreifen sind, endlich freikommen. Wir stehen an der Seite der mutigen Menschen, die im Gazastreifen f\u00fcr Demokratie, Freiheit und ein Ende der Besatzung auf die Stra\u00dfe gehen. Wir m\u00f6chten die Zivilist*innen unterst\u00fctzen, die durch den anhaltenden Krieg im Gazastreifen bedroht sind und viele Menschen verloren haben. Wir halten es f\u00fcr vollkommen legitim, dass Israel die Geiseln befreien will, sind gleichzeitig entsetzt \u00fcber die hohe Zahl der Todesopfer im Gazastreifen und die absolut katastrophale humanit\u00e4re Lage dort.<\/em>\u201c<\/p>\n\n\n\n<p>Akteure wie der Betreiber von \u201efcsp 4 falestin\u201c behaupten h\u00e4ufig, es w\u00fcrde nur zwei Seiten geben. Die eigene, die gute Seite. Und die \u201aandere Seite\u2018, die das Leid der Zivilbev\u00f6lkerung nicht anerkenne und eine rechte Regierung unterst\u00fctze. Die Realit\u00e4t ist eine andere und wird sp\u00e4testens dann offensichtlich, wenn diese Akteure das Statement des FC St. Pauli in die Schublade der \u201aanderen Seite\u2018 stecken und zur Ausgangsbasis f\u00fcr Hetze und Verleumdung gegen den FCSP machen.<\/p>\n\n\n\n<p>Zugleich postet \u201efcsp 4 falestin\u201c solche Beitr\u00e4ge:<\/p>\n\n\n\n<hr class=\"wp-block-separator has-alpha-channel-opacity\"\/>\n\n\n\n<figure class=\"wp-block-image size-large\"><img loading=\"lazy\" decoding=\"async\" width=\"1024\" height=\"506\" src=\"https:\/\/fcsp.net\/wp-content\/uploads\/2025\/08\/israeldu_X_mit_wiki-1024x506.jpg\" alt=\"\" class=\"wp-image-77\" srcset=\"https:\/\/fcsp.net\/wp-content\/uploads\/2025\/08\/israeldu_X_mit_wiki-1024x506.jpg 1024w, https:\/\/fcsp.net\/wp-content\/uploads\/2025\/08\/israeldu_X_mit_wiki-300x148.jpg 300w, https:\/\/fcsp.net\/wp-content\/uploads\/2025\/08\/israeldu_X_mit_wiki-768x380.jpg 768w, https:\/\/fcsp.net\/wp-content\/uploads\/2025\/08\/israeldu_X_mit_wiki-1536x759.jpg 1536w, https:\/\/fcsp.net\/wp-content\/uploads\/2025\/08\/israeldu_X_mit_wiki-850x420.jpg 850w, https:\/\/fcsp.net\/wp-content\/uploads\/2025\/08\/israeldu_X_mit_wiki.jpg 1626w\" sizes=\"auto, (max-width: 1024px) 100vw, 1024px\" \/><\/figure>\n\n\n\n<hr class=\"wp-block-separator has-alpha-channel-opacity\"\/>\n\n\n\n<p>Es gibt keine zwei Seiten, der Nahostkonflikt ist kein Fu\u00dfballspiel. Es existieren vielf\u00e4ltige Meinungen, auch beim FCSP. Aber es muss zweifelsohne einen Grundkonsens und rote Linien geben. Diese rote Linien \u00fcberschreiten Akteure wie \u201efcsp 4 falestin\u201c fortw\u00e4hrend und un\u00fcbersehbar.<\/p>\n\n\n\n<p>Diese Akteure wollen eine Einstaatenl\u00f6sung (und somit die Existenz Israels ausl\u00f6schen). Eine klare Kritik an Hamas und eine Verurteilung ihrer Taten gibt es nicht. Die Geiseln sind kein Thema. H\u00e4ufig werden die Terrorakte des 07.10.23 durch die Hamas sogar als legitime Befreiungsaktion gesehen und die entmenschlichten Opfer bestenfalls als Kollateralsch\u00e4den. Nicht selten werden die Opfer aber auch als \u201everdient\u201c betrachtet. Es geht ausschlie\u00dflich um die Ausl\u00f6schung Israels, koste es was es wolle.<\/p>\n\n\n\n<hr class=\"wp-block-separator has-alpha-channel-opacity\"\/>\n\n\n\n<figure class=\"wp-block-image size-large\"><img loading=\"lazy\" decoding=\"async\" width=\"1024\" height=\"551\" src=\"https:\/\/fcsp.net\/wp-content\/uploads\/2025\/08\/onestatesol_X-1024x551.jpg\" alt=\"\" class=\"wp-image-78\" srcset=\"https:\/\/fcsp.net\/wp-content\/uploads\/2025\/08\/onestatesol_X-1024x551.jpg 1024w, https:\/\/fcsp.net\/wp-content\/uploads\/2025\/08\/onestatesol_X-300x161.jpg 300w, https:\/\/fcsp.net\/wp-content\/uploads\/2025\/08\/onestatesol_X-768x413.jpg 768w, https:\/\/fcsp.net\/wp-content\/uploads\/2025\/08\/onestatesol_X-1536x827.jpg 1536w, https:\/\/fcsp.net\/wp-content\/uploads\/2025\/08\/onestatesol_X-850x458.jpg 850w, https:\/\/fcsp.net\/wp-content\/uploads\/2025\/08\/onestatesol_X.jpg 1618w\" sizes=\"auto, (max-width: 1024px) 100vw, 1024px\" \/><\/figure>\n\n\n\n<hr class=\"wp-block-separator has-alpha-channel-opacity\"\/>\n\n\n\n<p>Die Gegenposition davon hie\u00dfe, die anhaltenden Angriffe auf die pal\u00e4stinensische Zivilbev\u00f6lkerung als legitim anzusehen, die pal\u00e4stinensischen Gebiete komplett einzunehmen und eine israelische Einstaatenl\u00f6sung ohne jede pal\u00e4stinensische Autonomie anzustreben. Das mag ein Wunsch von Netanjahus rechtsextremen Koalitionspartnern sein, aber diese Position vertritt in Deutschland kaum jemand. Beim FCSP sowieso nicht.<\/p>\n\n\n\n<p>Dennoch wird die humanistische Position, die unser Verein und unsere Fanszene einnehmen, von diesen Akteuren als inhuman verleumdet. Auf dieser Grundlage hetzen sie gegen den FCSP \u2013 bis hin zu Anfeindungen und Bedrohungen gegen\u00fcber Einzelpersonen.<\/p>\n\n\n\n<p>Wir setzen uns stattdessen f\u00fcr Frieden und Freiheit f\u00fcr die israelische und die pal\u00e4stinensische Bev\u00f6lkerung ein und f\u00fcr die Koexistenz zweier Staaten ohne Netanjahu, seine rechte Regierung und die Hamas. Doch diese Gruppen tun das nicht und eine Abgrenzung zu diesen Gruppen ist deshalb unabdingbar.<\/p>\n\n\n\n<hr class=\"wp-block-separator has-alpha-channel-opacity\"\/>\n\n\n\n<figure class=\"wp-block-image size-large\"><img loading=\"lazy\" decoding=\"async\" width=\"1024\" height=\"558\" src=\"https:\/\/fcsp.net\/wp-content\/uploads\/2025\/08\/intifada2b_X_texte-1024x558.jpg\" alt=\"\" class=\"wp-image-158\" srcset=\"https:\/\/fcsp.net\/wp-content\/uploads\/2025\/08\/intifada2b_X_texte-1024x558.jpg 1024w, https:\/\/fcsp.net\/wp-content\/uploads\/2025\/08\/intifada2b_X_texte-300x163.jpg 300w, https:\/\/fcsp.net\/wp-content\/uploads\/2025\/08\/intifada2b_X_texte-768x418.jpg 768w, https:\/\/fcsp.net\/wp-content\/uploads\/2025\/08\/intifada2b_X_texte-1536x837.jpg 1536w, https:\/\/fcsp.net\/wp-content\/uploads\/2025\/08\/intifada2b_X_texte-850x463.jpg 850w, https:\/\/fcsp.net\/wp-content\/uploads\/2025\/08\/intifada2b_X_texte.jpg 1615w\" sizes=\"auto, (max-width: 1024px) 100vw, 1024px\" \/><\/figure>\n\n\n\n<hr class=\"wp-block-separator has-alpha-channel-opacity\"\/>\n\n\n\n<p>Menschliche Verbindungen und die St\u00e4rkung friedensorientierter Kr\u00e4fte statt Aufrufe zur Intifada: Das muss das Motto sein. Wir halten deshalb an den freundschaftlichen Beziehungen zu den linken Fans von Hapoel Tel Aviv fest und rufen dazu auf, diese Freundschaft k\u00fcnftig noch intensiver zu pflegen. Forderungen, diese Verbindungen einzustellen, weisen wir scharf zur\u00fcck. Diese Forderungen kommen von Akteuren, denen es nur um Israelhass geht \u2013 nicht um den Kampf f\u00fcr eine bessere Welt.<\/p>\n\n\n\n<hr class=\"wp-block-separator has-alpha-channel-opacity\"\/>\n\n\n\n<figure class=\"wp-block-image size-large\"><img loading=\"lazy\" decoding=\"async\" width=\"1024\" height=\"556\" src=\"https:\/\/fcsp.net\/wp-content\/uploads\/2025\/08\/intifada_X_Texte-1-1024x556.jpg\" alt=\"\" class=\"wp-image-92\" srcset=\"https:\/\/fcsp.net\/wp-content\/uploads\/2025\/08\/intifada_X_Texte-1-1024x556.jpg 1024w, https:\/\/fcsp.net\/wp-content\/uploads\/2025\/08\/intifada_X_Texte-1-300x163.jpg 300w, https:\/\/fcsp.net\/wp-content\/uploads\/2025\/08\/intifada_X_Texte-1-768x417.jpg 768w, https:\/\/fcsp.net\/wp-content\/uploads\/2025\/08\/intifada_X_Texte-1-1536x834.jpg 1536w, https:\/\/fcsp.net\/wp-content\/uploads\/2025\/08\/intifada_X_Texte-1-850x462.jpg 850w, https:\/\/fcsp.net\/wp-content\/uploads\/2025\/08\/intifada_X_Texte-1.jpg 1630w\" sizes=\"auto, (max-width: 1024px) 100vw, 1024px\" \/><\/figure>\n\n\n\n<hr class=\"wp-block-separator has-alpha-channel-opacity\"\/>\n\n\n\n<p>Zugleich wissen wir: Unser Einfluss als FCSP und Fanszene auf den Nahostkonflikt ist begrenzt. Die Atmosph\u00e4re im Stadion, im Viertel und in Hamburg k\u00f6nnen wir aber sehr wohl beeinflussen.<\/p>\n\n\n\n<p>Unbestrittener Fakt ist: Mit jeder Eskalation des Nahostkonflikts gibt es weltweit eine antisemitische Welle. So hat es seit dem Massaker der Hamas in Israel am 7. Oktober in Deutschland Tausende antisemitische motivierte Straftaten gegeben, darunter auch schwere Gewaltdelikte.<\/p>\n\n\n\n<p>J\u00fcdinnen*Juden leben auch in Hamburg wieder verst\u00e4rkt in Angst und trauen sich nicht, sich zu ihrer Identit\u00e4t zu bekennen. Aus gutem Grund, wie <a href=\"https:\/\/untiefen.org\/chronik-antisemitismus\/\" data-type=\"link\" data-id=\"https:\/\/untiefen.org\/chronik-antisemitismus\/\">diese Hamburger Chronik<\/a> des Antisemitismus beweist. Akteure wie der \u201efcsp 4 falestin\u201c tragen mit ihrer hasserf\u00fcllten Propaganda zu dieser Atmosph\u00e4re der Angst bei.<\/p>\n\n\n\n<p>Wir haben die Verantwortung, diese Menschen zu sch\u00fctzen, uns mit ihnen zu solidarisieren und uns zu ihnen zu bekennen!<\/p>\n\n\n\n<p>Als Antifaschist*innen bek\u00e4mpfen wir Rassist*innen und Antisemit*innen gleicherma\u00dfen.<\/p>\n\n\n\n<p>Gegen jeden Antisemitismus! <\/p>\n\n\n\n<hr class=\"wp-block-separator has-alpha-channel-opacity\"\/>\n\n\n\n<figure class=\"wp-block-image size-large\"><img loading=\"lazy\" decoding=\"async\" width=\"1024\" height=\"521\" src=\"https:\/\/fcsp.net\/wp-content\/uploads\/2025\/08\/fromtheriver_X-1024x521.jpg\" alt=\"\" class=\"wp-image-74\" srcset=\"https:\/\/fcsp.net\/wp-content\/uploads\/2025\/08\/fromtheriver_X-1024x521.jpg 1024w, https:\/\/fcsp.net\/wp-content\/uploads\/2025\/08\/fromtheriver_X-300x153.jpg 300w, https:\/\/fcsp.net\/wp-content\/uploads\/2025\/08\/fromtheriver_X-768x391.jpg 768w, https:\/\/fcsp.net\/wp-content\/uploads\/2025\/08\/fromtheriver_X-1536x781.jpg 1536w, https:\/\/fcsp.net\/wp-content\/uploads\/2025\/08\/fromtheriver_X-850x432.jpg 850w, https:\/\/fcsp.net\/wp-content\/uploads\/2025\/08\/fromtheriver_X.jpg 1594w\" sizes=\"auto, (max-width: 1024px) 100vw, 1024px\" \/><\/figure>\n\n\n\n<hr class=\"wp-block-separator has-alpha-channel-opacity\"\/>\n","protected":false},"excerpt":{"rendered":"<p>Das Leid in Gaza hat ein abscheuliches Ausma\u00df angenommen und wir verurteilen die anhaltenden Angriffe durch die israelische Regierung und ihr Milit\u00e4r aufs Sch\u00e4rfste. Viele mitf\u00fchlende Menschen legen daher ihr Augenmerk auf dieses Thema und das ist auch \u00fcberhaupt nicht zu verurteilen. Uns ist es dennoch wichtig, gerade jetzt unsere strikte Haltung gegen Antisemitismus zu&#8230;<\/p>\n","protected":false},"author":1,"featured_media":119,"comment_status":"closed","ping_status":"","sticky":false,"template":"","format":"standard","meta":{"footnotes":""},"categories":[5],"tags":[],"class_list":["post-104","post","type-post","status-publish","format-standard","has-post-thumbnail","hentry","category-articles"],"_links":{"self":[{"href":"https:\/\/fcsp.net\/index.php?rest_route=\/wp\/v2\/posts\/104","targetHints":{"allow":["GET"]}}],"collection":[{"href":"https:\/\/fcsp.net\/index.php?rest_route=\/wp\/v2\/posts"}],"about":[{"href":"https:\/\/fcsp.net\/index.php?rest_route=\/wp\/v2\/types\/post"}],"author":[{"embeddable":true,"href":"https:\/\/fcsp.net\/index.php?rest_route=\/wp\/v2\/users\/1"}],"replies":[{"embeddable":true,"href":"https:\/\/fcsp.net\/index.php?rest_route=%2Fwp%2Fv2%2Fcomments&post=104"}],"version-history":[{"count":20,"href":"https:\/\/fcsp.net\/index.php?rest_route=\/wp\/v2\/posts\/104\/revisions"}],"predecessor-version":[{"id":161,"href":"https:\/\/fcsp.net\/index.php?rest_route=\/wp\/v2\/posts\/104\/revisions\/161"}],"wp:featuredmedia":[{"embeddable":true,"href":"https:\/\/fcsp.net\/index.php?rest_route=\/wp\/v2\/media\/119"}],"wp:attachment":[{"href":"https:\/\/fcsp.net\/index.php?rest_route=%2Fwp%2Fv2%2Fmedia&parent=104"}],"wp:term":[{"taxonomy":"category","embeddable":true,"href":"https:\/\/fcsp.net\/index.php?rest_route=%2Fwp%2Fv2%2Fcategories&post=104"},{"taxonomy":"post_tag","embeddable":true,"href":"https:\/\/fcsp.net\/index.php?rest_route=%2Fwp%2Fv2%2Ftags&post=104"}],"curies":[{"name":"wp","href":"https:\/\/api.w.org\/{rel}","templated":true}]}}